{"id":2432,"date":"2022-04-07T08:30:00","date_gmt":"2022-04-07T08:30:00","guid":{"rendered":"https:\/\/eodatahub.com\/index.php\/2022\/04\/07\/direkter-draht-ins-weltall\/"},"modified":"2022-04-07T08:30:00","modified_gmt":"2022-04-07T08:30:00","slug":"direkter-draht-ins-weltall","status":"publish","type":"post","link":"https:\/\/eodatahub.com\/index.php\/2022\/04\/07\/direkter-draht-ins-weltall\/","title":{"rendered":"Direkter Draht ins Weltall"},"content":{"rendered":"<p>Eine aufgeregte Spannung herrschte am 6. April 2022 im Sch\u00fclerlabor des Deutschen Zentrums f\u00fcr Luft- und Raumfahrt (DLR) in Neustrelitz. 20 Sch\u00fclerinnen und Sch\u00fcler kamen zum nunmehr dritten ISS-Call ins DLR_School_Lab. Weitere Jugendliche verfolgten den Funkkontakt per Livestream. Es war so still, dass man eine Stecknadel h\u00e4tte fallen h\u00f6ren, als um 13:48 Uhr ein erstes Signal von der Internationalen Raumstation ISS zu vernehmen war. Mit einem fr\u00f6hlichen \u201eHallo Neustrelitz\u201c meldete sich der deutsche ESA-Astronaut Matthias Maurer. <\/p>\n<p> News \/ Raumfahrt <a href=\"https:\/\/www.dlr.de\/content\/de\/artikel\/news\/2022\/02\/20220407_direkter-draht-ins-weltall.html\" target=\"_blank\" class=\"feedzy-rss-link-icon\" rel=\"noopener\">Read More<\/a><\/p>","protected":false},"excerpt":{"rendered":"<p>Eine aufgeregte Spannung herrschte am 6. April 2022 im Sch\u00fclerlabor des Deutschen Zentrums f\u00fcr Luft- und Raumfahrt (DLR) in Neustrelitz. 20 Sch\u00fclerinnen und Sch\u00fcler kamen zum nunmehr dritten ISS-Call ins DLR_School_Lab. Weitere Jugendliche verfolgten den Funkkontakt per Livestream. Es war so still, dass man eine Stecknadel h\u00e4tte fallen h\u00f6ren, als um 13:48 Uhr ein erstes&hellip; <br \/> <a class=\"read-more\" href=\"https:\/\/eodatahub.com\/index.php\/2022\/04\/07\/direkter-draht-ins-weltall\/\">Read more<\/a><\/p>\n","protected":false},"author":0,"featured_media":0,"comment_status":"open","ping_status":"closed","sticky":false,"template":"","format":"standard","meta":{"_monsterinsights_skip_tracking":false,"_monsterinsights_sitenote_active":false,"_monsterinsights_sitenote_note":"","_monsterinsights_sitenote_category":0,"_jetpack_memberships_contains_paid_content":false,"footnotes":""},"categories":[4],"tags":[],"class_list":["post-2432","post","type-post","status-publish","format-standard","hentry","category-eu-news"],"aioseo_notices":[],"jetpack_featured_media_url":"","jetpack_sharing_enabled":true,"_links":{"self":[{"href":"https:\/\/eodatahub.com\/index.php\/wp-json\/wp\/v2\/posts\/2432","targetHints":{"allow":["GET"]}}],"collection":[{"href":"https:\/\/eodatahub.com\/index.php\/wp-json\/wp\/v2\/posts"}],"about":[{"href":"https:\/\/eodatahub.com\/index.php\/wp-json\/wp\/v2\/types\/post"}],"replies":[{"embeddable":true,"href":"https:\/\/eodatahub.com\/index.php\/wp-json\/wp\/v2\/comments?post=2432"}],"version-history":[{"count":0,"href":"https:\/\/eodatahub.com\/index.php\/wp-json\/wp\/v2\/posts\/2432\/revisions"}],"wp:attachment":[{"href":"https:\/\/eodatahub.com\/index.php\/wp-json\/wp\/v2\/media?parent=2432"}],"wp:term":[{"taxonomy":"category","embeddable":true,"href":"https:\/\/eodatahub.com\/index.php\/wp-json\/wp\/v2\/categories?post=2432"},{"taxonomy":"post_tag","embeddable":true,"href":"https:\/\/eodatahub.com\/index.php\/wp-json\/wp\/v2\/tags?post=2432"}],"curies":[{"name":"wp","href":"https:\/\/api.w.org\/{rel}","templated":true}]}}